{"id":917,"date":"2012-04-08T12:37:05","date_gmt":"2012-04-08T12:37:05","guid":{"rendered":"http:\/\/blog.elcomercio.es\/sportingmania\/?p=917"},"modified":"2012-04-08T12:37:05","modified_gmt":"2012-04-08T12:37:05","slug":"la-gota-que-colmo-el-vaso","status":"publish","type":"post","link":"https:\/\/blogs.elcomercio.es\/sportingmania\/2012\/04\/08\/la-gota-que-colmo-el-vaso\/","title":{"rendered":"La gota que colm\u00f3 el vaso"},"content":{"rendered":"<p>La imagen del Sporting en Getafe es la gota que colm\u00f3 el vaso de una temporada decepcionante. El conjunto gijon\u00e9s no estuvo a su altura y, adem\u00e1s, dio la sensaci\u00f3n de tirar la toalla, con una actitud que no responde a la defensa de una camiseta como la rojiblanca.<br \/>\nNi Preciado dio con la tecla, ni Clemente logr\u00f3 enderezar el rumbo de una plantilla descompensada, aspecto que se conoc\u00eda desde el pasado verano, cuando se confeccion\u00f3 por parte del antiguo director deportivo, con el benepl\u00e1cito del consejo. No es algo que pueda descubrir ahora el t\u00e9cnico vizca\u00edno, ni tampoco puede servir de disculpa en una trayectoria que es traum\u00e1tica.<br \/>\nUno de los problemas a\u00f1adidos es que se rompi\u00f3 la paz social. Si apreci\u00f3 en Getafe y hay un clima de amargura por la situaci\u00f3n que parece que se dejar\u00e1 ver en los pr\u00f3ximos encuentros, sobre todo los que faltan por disputarse en El Molin\u00f3n. Es el peaje por la anticipaci\u00f3n de un descenso que no se esperaba al principio, pero que es consecuencia de las cosas que organizaron err\u00f3neamente y a destiempo. Estamos en tiempo de fuerte borrasca.<\/p>\n<!-- AddThis Advanced Settings generic via filter on the_content --><!-- AddThis Share Buttons generic via filter on the_content -->","protected":false},"excerpt":{"rendered":"<p>La imagen del Sporting en Getafe es la gota que colm\u00f3 el vaso de una temporada decepcionante. El conjunto gijon\u00e9s no estuvo a su altura y, adem\u00e1s, dio la sensaci\u00f3n de tirar la toalla, con una actitud que no responde a la defensa de una camiseta como la rojiblanca. Ni Preciado dio con la tecla, [&hellip;]<!-- AddThis Advanced Settings generic via filter on get_the_excerpt --><!-- AddThis Share Buttons generic via filter on get_the_excerpt --><\/p>\n","protected":false},"author":40,"featured_media":0,"comment_status":"open","ping_status":"open","sticky":false,"template":"","format":"standard","meta":[],"categories":[2,3],"tags":[],"_links":{"self":[{"href":"https:\/\/blogs.elcomercio.es\/sportingmania\/wp-json\/wp\/v2\/posts\/917"}],"collection":[{"href":"https:\/\/blogs.elcomercio.es\/sportingmania\/wp-json\/wp\/v2\/posts"}],"about":[{"href":"https:\/\/blogs.elcomercio.es\/sportingmania\/wp-json\/wp\/v2\/types\/post"}],"author":[{"embeddable":true,"href":"https:\/\/blogs.elcomercio.es\/sportingmania\/wp-json\/wp\/v2\/users\/40"}],"replies":[{"embeddable":true,"href":"https:\/\/blogs.elcomercio.es\/sportingmania\/wp-json\/wp\/v2\/comments?post=917"}],"version-history":[{"count":0,"href":"https:\/\/blogs.elcomercio.es\/sportingmania\/wp-json\/wp\/v2\/posts\/917\/revisions"}],"wp:attachment":[{"href":"https:\/\/blogs.elcomercio.es\/sportingmania\/wp-json\/wp\/v2\/media?parent=917"}],"wp:term":[{"taxonomy":"category","embeddable":true,"href":"https:\/\/blogs.elcomercio.es\/sportingmania\/wp-json\/wp\/v2\/categories?post=917"},{"taxonomy":"post_tag","embeddable":true,"href":"https:\/\/blogs.elcomercio.es\/sportingmania\/wp-json\/wp\/v2\/tags?post=917"}],"curies":[{"name":"wp","href":"https:\/\/api.w.org\/{rel}","templated":true}]}}