{"id":94,"date":"2007-12-28T00:35:06","date_gmt":"2007-12-28T00:35:06","guid":{"rendered":"http:\/\/blogs.elcomercio.es\/sportingmania\/?p=94"},"modified":"2007-12-28T00:35:06","modified_gmt":"2007-12-28T00:35:06","slug":"el-segundo-telon","status":"publish","type":"post","link":"https:\/\/blogs.elcomercio.es\/sportingmania\/2007\/12\/28\/el-segundo-telon\/","title":{"rendered":"El segundo tel\u00f3n"},"content":{"rendered":"<p class=\"MsoNormal\"><font face=\"Times New Roman\" size=\"3\">Se acabaron las minivacaciones de Navidad. Cinco d\u00edas pasan r\u00e1pido. Demasiado. Que se lo pregunten a los artistas, que ya vuelven al trabajo. Al menos, la mayor\u00eda. El caso es que entre turrones, mazapanes y brindis, el a\u00f1o se acaba y Reyes est\u00e1 a la vuelta de la esquina, o sea, el partido de C\u00f3rdoba, que futbol\u00edsticamente es el pr\u00f3ximo objetivo. La clasificaci\u00f3n est\u00e1 bastante apretada y a\u00fan quedan por disputarse 72 puntos. Es la cifra que puede valer un ascenso. El camino ser\u00e1 largo, pero para todos. Se levanta el segundo tel\u00f3n, el de invierno, casi con m\u00e1s esperanzas que el de verano, cuando todos part\u00edan de cero. Ahora, el equipo rojiblanco arranca con dos puntos m\u00e1s que el cuarto.<\/font><\/p>\n<p class=\"MsoNormal\"><font size=\"3\"><font face=\"Times New Roman\"><span>            <\/span>El Sporting se presenta con novedades. Bilic es el primero. Hidalgo deber\u00eda ser el segundo. El colombiano parece que no tiene prisa por llegar. No est\u00e1 identificado con el proyecto como el croata. Luego, cuando llegue, nos cantar\u00e1 y contar\u00e1 milongas, pese a que hace m\u00e1s de dos semanas que finaliz\u00f3 la competici\u00f3n de su pa\u00eds. Que si el visado, el de su hermano, el de sus padres o el de la vecina del quinto. Mal empieza el joven y desconocido goleador, si no le vemos el d\u00eda dos de enero, como anunci\u00f3 su representante.<\/font><\/font><\/p>\n<p class=\"MsoNormal\"><font size=\"3\"><font face=\"Times New Roman\"><span>            <\/span>Pero no creo que importe mucho, por una o dos semanas, entre llegada y adaptaci\u00f3n, porque Barral y Bilic est\u00e1n identificados y dispuestos a afrontar su guerra particular por un puesto, aunque, por sus cualidades, los dos son perfectamente compatibles. Adem\u00e1s, Kike Mateo ya sabe lo que es jugar en la banda. Lo hizo en el Eibar y en el H\u00e9rcules y muy bien, por cierto. El problema deber\u00e1 resolverlo Preciado, <span> <\/span>quien prefiere este tipo de problemas antes que elegir con las ausencias de lesionados o sancionados.<\/font><\/font><\/p>\n<p class=\"MsoNormal\"><font size=\"3\"><font face=\"Times New Roman\"><span>            <\/span>Lo que s\u00ed deber\u00eda hacer el Sporting es resolver la situaci\u00f3n de Karanka. El jugador no vino solo, ni lleg\u00f3 a Gij\u00f3n a ofrecerse. Fue fichado con insistencia de Eloy Olaya, que ve\u00eda la soluci\u00f3n a la falta de goles. En el equipo gijon\u00e9s casi no tuvo oportunidades de jugar y cuando lo hizo, pocas veces dio la talla. An\u00edmicamente est\u00e1 afectado. En el aspecto burocr\u00e1tico no se hicieron bien las cosas, lo que cuesta un past\u00f3n a la entidad. Parece que nos estamos olvidando del proceso concursal y de lo que a\u00fan se debe. Esta es la semana de las autonom\u00edas futbol\u00edsticas, Euskadi, que jugar\u00e1 el s\u00e1bado, no se acord\u00f3 del vitoriano. Andaluc\u00eda s\u00ed llam\u00f3 a Barral, que marc\u00f3 anoche un penalti. Parece que no quer\u00eda tirarlo nadie. Y si llegan a querer tirarlo, lo tuvieron claro con el &#8216;Kun&#8217; Barral. Y con Galicia estuvieron Roberto y Diego Castro. Los internacionales tienen un d\u00eda m\u00e1s de descanso.<\/font><\/font><\/p>\n<p class=\"MsoNormal\"><font face=\"Times New Roman\" size=\"3\">PD.: En C\u00f3rdoba tenemos que soportar a Mateu Lahoz, el \u00e1rbitro de los penaltis de Soria. A Barral no le pit\u00f3 que fue y a Gerard le se\u00f1al\u00f3 el que no hizo. \u00bfEn Valencia no hay \u00d3ptica Navarro o Multi\u00f3pticas?<\/font><\/p>\n<p class=\"MsoNormal\"><font size=\"3\"><font face=\"Times New Roman\">PD.: Felicidades a Gelu Rodr\u00edguez, el intermediario que representa a la mayor parte de la plantilla rojiblanca. \u00a1A qui\u00e9n se le ocurre nacer un 28 de diciembre! \u00bfSer\u00e1 inocente? <span> <\/span><\/font><\/font><\/p>\n<!-- AddThis Advanced Settings generic via filter on the_content --><!-- AddThis Share Buttons generic via filter on the_content -->","protected":false},"excerpt":{"rendered":"<p>Se acabaron las minivacaciones de Navidad. Cinco d\u00edas pasan r\u00e1pido. Demasiado. Que se lo pregunten a los artistas, que ya vuelven al trabajo. Al menos, la mayor\u00eda. El caso es que entre turrones, mazapanes y brindis, el a\u00f1o se acaba y Reyes est\u00e1 a la vuelta de la esquina, o sea, el partido de C\u00f3rdoba, [&hellip;]<!-- AddThis Advanced Settings generic via filter on get_the_excerpt --><!-- AddThis Share Buttons generic via filter on get_the_excerpt --><\/p>\n","protected":false},"author":40,"featured_media":0,"comment_status":"open","ping_status":"open","sticky":false,"template":"","format":"standard","meta":[],"categories":[3],"tags":[],"_links":{"self":[{"href":"https:\/\/blogs.elcomercio.es\/sportingmania\/wp-json\/wp\/v2\/posts\/94"}],"collection":[{"href":"https:\/\/blogs.elcomercio.es\/sportingmania\/wp-json\/wp\/v2\/posts"}],"about":[{"href":"https:\/\/blogs.elcomercio.es\/sportingmania\/wp-json\/wp\/v2\/types\/post"}],"author":[{"embeddable":true,"href":"https:\/\/blogs.elcomercio.es\/sportingmania\/wp-json\/wp\/v2\/users\/40"}],"replies":[{"embeddable":true,"href":"https:\/\/blogs.elcomercio.es\/sportingmania\/wp-json\/wp\/v2\/comments?post=94"}],"version-history":[{"count":0,"href":"https:\/\/blogs.elcomercio.es\/sportingmania\/wp-json\/wp\/v2\/posts\/94\/revisions"}],"wp:attachment":[{"href":"https:\/\/blogs.elcomercio.es\/sportingmania\/wp-json\/wp\/v2\/media?parent=94"}],"wp:term":[{"taxonomy":"category","embeddable":true,"href":"https:\/\/blogs.elcomercio.es\/sportingmania\/wp-json\/wp\/v2\/categories?post=94"},{"taxonomy":"post_tag","embeddable":true,"href":"https:\/\/blogs.elcomercio.es\/sportingmania\/wp-json\/wp\/v2\/tags?post=94"}],"curies":[{"name":"wp","href":"https:\/\/api.w.org\/{rel}","templated":true}]}}