{"id":958,"date":"2012-05-01T23:11:10","date_gmt":"2012-05-01T23:11:10","guid":{"rendered":"http:\/\/blog.elcomercio.es\/sportingmania\/?p=958"},"modified":"2012-05-01T23:11:10","modified_gmt":"2012-05-01T23:11:10","slug":"una-muerte-anunciada","status":"publish","type":"post","link":"https:\/\/blogs.elcomercio.es\/sportingmania\/2012\/05\/01\/una-muerte-anunciada\/","title":{"rendered":"Una muerte anunciada"},"content":{"rendered":"<p>Hab\u00eda que intentar que la ilusi\u00f3n agotara todas las posibilidades de pensar en que la permanencia del Sporting era viable. Matem\u00e1ticamente queda una, pero es inviable. Ganar los dos partidos, que lo pierda todo el Rayo y que el Zaragoza no llegue a 40 puntos. Est\u00e1 claro que eso es un imposible. El descenso est\u00e1 consumado, por lo que ahora queda la planificaci\u00f3n, para la que, como dice Vega-Arango, no hay opci\u00f3n a equivocarse.<\/p>\n<p>El encuentro ante el Villarreal fue uno de tantos en los que el equipo se estrell\u00f3 contra un rival ordenado y que supo crearle complicaciones a una defensa d\u00e9bil, que por algo es la m\u00e1s goleada de la categor\u00eda. El \u00e1rbitro tambi\u00e9n se sum\u00f3 al desconcierto. La ca\u00edda de Marco Ruben me pareci\u00f3 adornada, sin que haya querido ver en dos ocasiones unas manos de defensas del conjunto visitante. De todas formas, las quejas hacia el \u00e1rbitro no valen de nada, porque esta temporada no se puede culpar a los colegiados de los males propios. Lo que se paga es una mala composici\u00f3n de la plantilla, una err\u00f3nea planificaci\u00f3n, una pretemporada lamentable y una decisi\u00f3n tard\u00eda en el relevo del entrenador. A nadie se le escapa que Preciado no deb\u00eda haber estado esta temporada en el Sporting. Junto a Emilio de Dios y a la falta de intervenci\u00f3n de Vega-Arango, fueron los causantes de este final tan lamentable, que empez\u00f3 a gestarse en agosto<\/p>\n<p>Respeto a las acusaciones de compra del partido ante el Espanyol, me parece muy l\u00f3gica la querella del Sporting al periodista Juan Antonio Alcal\u00e1 y la Cadena Cope. Es la \u00fanica forma de desvelar el responsable de la Liga de F\u00fatbol Profesional que hizo tan salvaje afirmaci\u00f3n. En el club se tiene constancia de que algunos periodistas ubicados en Madrid tratar de influir a trav\u00e9s de Manfredo \u00c1lvarez, director de comunicaci\u00f3n del Sporting, para que el club quite la demanda. Dada la gravedad el caso y despu\u00e9s de lo dicho con contundencia por Vega-Arango, al sportinguismo no le gustar\u00eda verse decepcionado. La \u00fanica forma de quitar la demanda contra la cadena de los obispos es que en su programa divulguen el nombre del ejecutivo de la LFP que dijo tal barbaridad, para enfocar la querella hacia el responsable de la acusaci\u00f3n.<\/p>\n<!-- AddThis Advanced Settings generic via filter on the_content --><!-- AddThis Share Buttons generic via filter on the_content -->","protected":false},"excerpt":{"rendered":"<p>Hab\u00eda que intentar que la ilusi\u00f3n agotara todas las posibilidades de pensar en que la permanencia del Sporting era viable. Matem\u00e1ticamente queda una, pero es inviable. Ganar los dos partidos, que lo pierda todo el Rayo y que el Zaragoza no llegue a 40 puntos. Est\u00e1 claro que eso es un imposible. El descenso est\u00e1 [&hellip;]<!-- AddThis Advanced Settings generic via filter on get_the_excerpt --><!-- AddThis Share Buttons generic via filter on get_the_excerpt --><\/p>\n","protected":false},"author":40,"featured_media":0,"comment_status":"open","ping_status":"open","sticky":false,"template":"","format":"standard","meta":[],"categories":[2],"tags":[],"_links":{"self":[{"href":"https:\/\/blogs.elcomercio.es\/sportingmania\/wp-json\/wp\/v2\/posts\/958"}],"collection":[{"href":"https:\/\/blogs.elcomercio.es\/sportingmania\/wp-json\/wp\/v2\/posts"}],"about":[{"href":"https:\/\/blogs.elcomercio.es\/sportingmania\/wp-json\/wp\/v2\/types\/post"}],"author":[{"embeddable":true,"href":"https:\/\/blogs.elcomercio.es\/sportingmania\/wp-json\/wp\/v2\/users\/40"}],"replies":[{"embeddable":true,"href":"https:\/\/blogs.elcomercio.es\/sportingmania\/wp-json\/wp\/v2\/comments?post=958"}],"version-history":[{"count":0,"href":"https:\/\/blogs.elcomercio.es\/sportingmania\/wp-json\/wp\/v2\/posts\/958\/revisions"}],"wp:attachment":[{"href":"https:\/\/blogs.elcomercio.es\/sportingmania\/wp-json\/wp\/v2\/media?parent=958"}],"wp:term":[{"taxonomy":"category","embeddable":true,"href":"https:\/\/blogs.elcomercio.es\/sportingmania\/wp-json\/wp\/v2\/categories?post=958"},{"taxonomy":"post_tag","embeddable":true,"href":"https:\/\/blogs.elcomercio.es\/sportingmania\/wp-json\/wp\/v2\/tags?post=958"}],"curies":[{"name":"wp","href":"https:\/\/api.w.org\/{rel}","templated":true}]}}