{"id":974,"date":"2012-05-14T01:06:04","date_gmt":"2012-05-14T01:06:04","guid":{"rendered":"http:\/\/blog.elcomercio.es\/sportingmania\/?p=974"},"modified":"2012-05-14T01:06:04","modified_gmt":"2012-05-14T01:06:04","slug":"fin-de-trayecto","status":"publish","type":"post","link":"https:\/\/blogs.elcomercio.es\/sportingmania\/2012\/05\/14\/fin-de-trayecto\/","title":{"rendered":"Fin de trayecto"},"content":{"rendered":"<p>Se acab\u00f3 la temporada de Sporting en La Rosaleda. Flojo partido en M\u00e1laga, en el que se esperaba el milagro rojiblanco. No ocurri\u00f3 nada que pudiera considerarse fuera de lo normal.<\/p>\n<p>La Rosaleda ten\u00eda un ambiente impresionante. Parec\u00eda imposible sorprender a los locales. Creo que la presi\u00f3n ambiental afect\u00f3 en exceso a los rojiblancos, adem\u00e1s de dar alas a un equipo de m\u00e1s calidad y m\u00e1s entusiasmo.<br \/>\nLo m\u00e1s destacado fue el susto que dio \u00c1lex Men\u00e9ndez a Kameni a dos minutos del final. Pod\u00eda haberles quitado el puesto europeo. No hubiera sido justo. Y es que el Sporting hizo poco m\u00e1s, con demasiados jugadores a los que le falta car\u00e1cter.<\/p>\n<p>Impresionante la afici\u00f3n de M\u00e1laga con el Sporting. Un trato elegante, exquisito y de \u00e1nimo. Las pe\u00f1as Isma y Nunca Caminar\u00e1s Solo quedaron impresionadas del comportamiento de la afici\u00f3n malaguista. \u00a1Qu\u00e9 envidia! Sana, por supuesto.<\/p>\n<p>Empieza ahora el tiempo de an\u00e1lisis, de estudiar los errores y de preparar un plantilla para volver a Primera dentro de un a\u00f1o. No hay otra.<\/p>\n<!-- AddThis Advanced Settings generic via filter on the_content --><!-- AddThis Share Buttons generic via filter on the_content -->","protected":false},"excerpt":{"rendered":"<p>Se acab\u00f3 la temporada de Sporting en La Rosaleda. Flojo partido en M\u00e1laga, en el que se esperaba el milagro rojiblanco. No ocurri\u00f3 nada que pudiera considerarse fuera de lo normal. La Rosaleda ten\u00eda un ambiente impresionante. Parec\u00eda imposible sorprender a los locales. Creo que la presi\u00f3n ambiental afect\u00f3 en exceso a los rojiblancos, adem\u00e1s [&hellip;]<!-- AddThis Advanced Settings generic via filter on get_the_excerpt --><!-- AddThis Share Buttons generic via filter on get_the_excerpt --><\/p>\n","protected":false},"author":40,"featured_media":0,"comment_status":"open","ping_status":"open","sticky":false,"template":"","format":"standard","meta":[],"categories":[2],"tags":[],"_links":{"self":[{"href":"https:\/\/blogs.elcomercio.es\/sportingmania\/wp-json\/wp\/v2\/posts\/974"}],"collection":[{"href":"https:\/\/blogs.elcomercio.es\/sportingmania\/wp-json\/wp\/v2\/posts"}],"about":[{"href":"https:\/\/blogs.elcomercio.es\/sportingmania\/wp-json\/wp\/v2\/types\/post"}],"author":[{"embeddable":true,"href":"https:\/\/blogs.elcomercio.es\/sportingmania\/wp-json\/wp\/v2\/users\/40"}],"replies":[{"embeddable":true,"href":"https:\/\/blogs.elcomercio.es\/sportingmania\/wp-json\/wp\/v2\/comments?post=974"}],"version-history":[{"count":0,"href":"https:\/\/blogs.elcomercio.es\/sportingmania\/wp-json\/wp\/v2\/posts\/974\/revisions"}],"wp:attachment":[{"href":"https:\/\/blogs.elcomercio.es\/sportingmania\/wp-json\/wp\/v2\/media?parent=974"}],"wp:term":[{"taxonomy":"category","embeddable":true,"href":"https:\/\/blogs.elcomercio.es\/sportingmania\/wp-json\/wp\/v2\/categories?post=974"},{"taxonomy":"post_tag","embeddable":true,"href":"https:\/\/blogs.elcomercio.es\/sportingmania\/wp-json\/wp\/v2\/tags?post=974"}],"curies":[{"name":"wp","href":"https:\/\/api.w.org\/{rel}","templated":true}]}}