{"id":977,"date":"2012-05-17T21:48:24","date_gmt":"2012-05-17T21:48:24","guid":{"rendered":"http:\/\/blog.elcomercio.es\/sportingmania\/?p=977"},"modified":"2012-05-17T21:48:24","modified_gmt":"2012-05-17T21:48:24","slug":"una-nueva-etapa","status":"publish","type":"post","link":"https:\/\/blogs.elcomercio.es\/sportingmania\/2012\/05\/17\/una-nueva-etapa\/","title":{"rendered":"Una nueva etapa"},"content":{"rendered":"<p>El Sporting inicia una nueva etapa con el ascenso de Manolo S\u00e1nchez Murias al banquillo del primer equipo rojiblanco. El consejo de administraci\u00f3n se convenci\u00f3 de que era mejor opci\u00f3n que los Lucas Alcaraz, Paco J\u00e9mez o V\u00edctor Fern\u00e1ndez, t\u00e9cnicos de muy diferente perfil, tanto entre ellos como en el elegido. Tambi\u00e9n Manolo tiene poco que ver con los m\u00e9todos de Clemente.<br \/>\nEn un principio, la opci\u00f3n de Manolo se dej\u00f3 aparcada por temor a su inexperiencia. Fue cuando se pensaba en la continuidad de Clemente, quien fue descartado por la repercusi\u00f3n negativa para la entidad de las pol\u00e9micas en determinadas ruedas de prensa. El t\u00e9cnico vizca\u00edno, que mejor\u00f3 en todos los aspectos la trayectoria de Preciado, no alcanz\u00f3 el objetivo de la permanencia, pero era el que se consideraba id\u00f3neo para empezar el regreso.<br \/>\nLa decisi\u00f3n final de colocar a Manolo en el banquillo rojiblanco necesita que tenga el respaldo de todos. Va a ser un a\u00f1o complicado, que depender\u00e1 de mantener el bloque y reforzarlo con jugadores de garant\u00eda. No valen los experimentos. El mejor apoyo que se le puede dar el nuevo t\u00e9cnico es con una plantilla de garant\u00edas, para que la nueva traves\u00eda por el desierto sea como la del Deportivo, de s\u00f3lo una temporada.      <\/p>\n<!-- AddThis Advanced Settings generic via filter on the_content --><!-- AddThis Share Buttons generic via filter on the_content -->","protected":false},"excerpt":{"rendered":"<p>El Sporting inicia una nueva etapa con el ascenso de Manolo S\u00e1nchez Murias al banquillo del primer equipo rojiblanco. El consejo de administraci\u00f3n se convenci\u00f3 de que era mejor opci\u00f3n que los Lucas Alcaraz, Paco J\u00e9mez o V\u00edctor Fern\u00e1ndez, t\u00e9cnicos de muy diferente perfil, tanto entre ellos como en el elegido. Tambi\u00e9n Manolo tiene poco [&hellip;]<!-- AddThis Advanced Settings generic via filter on get_the_excerpt --><!-- AddThis Share Buttons generic via filter on get_the_excerpt --><\/p>\n","protected":false},"author":40,"featured_media":0,"comment_status":"open","ping_status":"open","sticky":false,"template":"","format":"standard","meta":[],"categories":[3],"tags":[],"_links":{"self":[{"href":"https:\/\/blogs.elcomercio.es\/sportingmania\/wp-json\/wp\/v2\/posts\/977"}],"collection":[{"href":"https:\/\/blogs.elcomercio.es\/sportingmania\/wp-json\/wp\/v2\/posts"}],"about":[{"href":"https:\/\/blogs.elcomercio.es\/sportingmania\/wp-json\/wp\/v2\/types\/post"}],"author":[{"embeddable":true,"href":"https:\/\/blogs.elcomercio.es\/sportingmania\/wp-json\/wp\/v2\/users\/40"}],"replies":[{"embeddable":true,"href":"https:\/\/blogs.elcomercio.es\/sportingmania\/wp-json\/wp\/v2\/comments?post=977"}],"version-history":[{"count":0,"href":"https:\/\/blogs.elcomercio.es\/sportingmania\/wp-json\/wp\/v2\/posts\/977\/revisions"}],"wp:attachment":[{"href":"https:\/\/blogs.elcomercio.es\/sportingmania\/wp-json\/wp\/v2\/media?parent=977"}],"wp:term":[{"taxonomy":"category","embeddable":true,"href":"https:\/\/blogs.elcomercio.es\/sportingmania\/wp-json\/wp\/v2\/categories?post=977"},{"taxonomy":"post_tag","embeddable":true,"href":"https:\/\/blogs.elcomercio.es\/sportingmania\/wp-json\/wp\/v2\/tags?post=977"}],"curies":[{"name":"wp","href":"https:\/\/api.w.org\/{rel}","templated":true}]}}